{"id":13925,"date":"2026-03-12T12:37:03","date_gmt":"2026-03-12T11:37:03","guid":{"rendered":"https:\/\/newspaceandsolutions.com\/el-espacio-se-consolida-como-infraestructura-estrategica-para-seguridad-sostenibilidad-y-gestion-de-crisis\/"},"modified":"2026-03-12T12:39:48","modified_gmt":"2026-03-12T11:39:48","slug":"space-consolidates-its-position-as-strategic-infrastructure-for-security-sustainability-and-crisis-management","status":"publish","type":"post","link":"https:\/\/newspaceandsolutions.com\/en\/space-consolidates-its-position-as-strategic-infrastructure-for-security-sustainability-and-crisis-management\/","title":{"rendered":"Space consolidates its position as a strategic infrastructure for security, sustainability and crisis management"},"content":{"rendered":"<ul>\n<li><strong>Companies, public institutions, research centres and legal and technological organisations such as SETELECO, the European Commission, Bufete Mas y Calvet, the Regional Government of Galicia, the University of C\u00e1diz, Alter Technology, CATEC, Open Cosmos and DEKRA will analyse at New Space &amp; Solutions how New Space is generating solutions with a direct impact on society from their respective fields of expertise.<\/strong><\/li>\n<li><strong>From the protection of critical infrastructure to emergency management and environmental analysis, space technologies are now part of the essential services of modern societies.<\/strong><\/li>\n<li><strong>New Space &amp; Solutions will hold its second edition from 14 to 17 April 2026 with two in-person days at the Cartuja Auditorium \u2013 managed by Yventu \u2013 and another two virtual days.<\/strong><\/li>\n<\/ul>\n<p><strong>\u00a0<\/strong><\/p>\n<p>The growing role of the space sector in areas such as security, sustainability and crisis management confirms that <strong>space has become a strategic infrastructure for the European economy and society<\/strong>. Space technologies are no longer limited to scientific missions or exploration, but have been integrated into services that are essential to the functioning of modern societies.<\/p>\n<p>This will be one of the themes of the second edition of <strong>New Space &amp; Solutions \u2013 <em>&#8220;Where we tell you what New Space does for us&#8221;<\/em><\/strong>, to be held <strong>from 14 to 17 April in Seville<\/strong>. The event will bring together public administrations, universities, research centres and companies with the aim of <strong>promoting dialogue and accelerating the development of space-based technological solutions <\/strong>with a direct impact on society. New Space &amp; Solutions 2026 will be held in a hybrid format with two face-to-face days at the Cartuja Auditorium \u2013 managed by Yventu \u2013 located in Seville TechPark, on Tuesday 14 and Wednesday 15 April, and another two virtual days on Thursday 16 and Friday 17.<\/p>\n<p>&nbsp;<\/p>\n<p><strong>Spectrum regulation and management for satellite services<\/strong><\/p>\n<p>One of the fundamental elements for the operation of space systems is <strong>radio spectrum management<\/strong>, which is essential to ensure the interoperability and proper functioning of satellite communications.<\/p>\n<p><strong>Julia Criado<\/strong>, <em>Deputy Director General of Radio Spectrum Planning and Management at <strong>SETELECO<\/strong><\/em>, will participate in this area, addressing the role of spectrum planning in the development of <strong>satellite radio communication services<\/strong>, as well as its impact on global connectivity, the security of critical infrastructure and the evolution of non-terrestrial networks (<em>NTNs<\/em>).<\/p>\n<p><img loading=\"lazy\" decoding=\"async\" class=\"alignnone size-full wp-image-13923\" src=\"https:\/\/newspaceandsolutions.com\/web\/wp-content\/uploads\/2026\/03\/Julia-Criado-4KS25.jpeg\" alt=\"\" width=\"1616\" height=\"1080\" srcset=\"https:\/\/newspaceandsolutions.com\/web\/wp-content\/uploads\/2026\/03\/Julia-Criado-4KS25.jpeg 1616w, https:\/\/newspaceandsolutions.com\/web\/wp-content\/uploads\/2026\/03\/Julia-Criado-4KS25-300x200.jpeg 300w, https:\/\/newspaceandsolutions.com\/web\/wp-content\/uploads\/2026\/03\/Julia-Criado-4KS25-1024x684.jpeg 1024w, https:\/\/newspaceandsolutions.com\/web\/wp-content\/uploads\/2026\/03\/Julia-Criado-4KS25-768x513.jpeg 768w, https:\/\/newspaceandsolutions.com\/web\/wp-content\/uploads\/2026\/03\/Julia-Criado-4KS25-1536x1027.jpeg 1536w\" sizes=\"auto, (max-width: 1616px) 100vw, 1616px\" \/><\/p>\n<p><strong><em>Julia Criado, Deputy Director General of Radio Spectrum Planning and Management at SETELECO, during the 11th edition of the 4K HDR Summit, an event organised by Medina Media Events.<\/em><\/strong><\/p>\n<p>&nbsp;<\/p>\n<p><strong>Scientific research and human performance in extreme environments<\/strong><\/p>\n<p>New Space &amp; Solutions will also address an increasingly relevant dimension in the space sector: <strong>the human factor in complex missions and extreme environments<\/strong>.<\/p>\n<p>In this context, the main lines of research of <strong>the Laboratory of Neuropsychology and Experimental Psychology (Neurotek Lab) of the University of C\u00e1diz<\/strong>, developed within the framework of international projects, will be presented.<\/p>\n<p><strong>Sara Gonz\u00e1lez de la Torre Mu\u00f1oz<\/strong>, <em>Professor in the Department of Psychology at the <strong>University of C\u00e1diz<\/strong><\/em>, will talk about this research, which analyses key aspects such as human performance in extreme environments; cognitive factors in complex missions; team dynamics in conditions of isolation and confinement; and human-robot interaction in advanced operational environments.<\/p>\n<p>The projects use <strong>space analogues <\/strong>as experimental platforms to validate training protocols, monitor team performance and analyse decision-making under high operational load conditions with the aim of developing <strong>advanced human-machine cooperation models <\/strong>that improve team preparedness for space missions and other critical environments.<\/p>\n<p><img loading=\"lazy\" decoding=\"async\" class=\"alignnone size-full wp-image-13921\" src=\"https:\/\/newspaceandsolutions.com\/web\/wp-content\/uploads\/2026\/03\/Networking-NSS25.jpg\" alt=\"\" width=\"1024\" height=\"683\" srcset=\"https:\/\/newspaceandsolutions.com\/web\/wp-content\/uploads\/2026\/03\/Networking-NSS25.jpg 1024w, https:\/\/newspaceandsolutions.com\/web\/wp-content\/uploads\/2026\/03\/Networking-NSS25-300x200.jpg 300w, https:\/\/newspaceandsolutions.com\/web\/wp-content\/uploads\/2026\/03\/Networking-NSS25-768x512.jpg 768w\" sizes=\"auto, (max-width: 1024px) 100vw, 1024px\" \/><\/p>\n<p><strong><em>Networking during the first edition of New Space &amp; Solutions, held in March 2025.<\/em><\/strong><\/p>\n<p>&nbsp;<\/p>\n<p><strong>Space, security and defence in the new geostrategic context<\/strong><\/p>\n<p>Space has also become a central element of <strong>security and defence strategies <\/strong>in the current international scenario.<\/p>\n<p><strong>Carmen Sillero<\/strong>, <em>Senior Analyst for Economics and Policy at <strong>the European Commission&#8217;s Joint Research Centre<\/strong><\/em>, will participate in this area, analysing the role of the space industry in Andalusia and the opportunities opening up in the new European defence scenario.<\/p>\n<p>Her presentation is part of the <strong>REGDUALOSA<\/strong> project, developed by the Joint Research Centre in collaboration with the Regional Government of Andalusia. This initiative analyses the potential of strategic technology sectors in Europe, alongside similar projects in <strong>cyber defence in Estonia <\/strong>and <strong>UAV technologies in Poland<\/strong>.<\/p>\n<p>The study identifies the <strong>space sector as a strategic dual-use opportunity<\/strong>, capable of strengthening Andalusia&#8217;s position within the European defence industry.<\/p>\n<p>&nbsp;<\/p>\n<p><strong>Emergency management and critical infrastructure<\/strong><\/p>\n<p>The concept of <strong>dual use of space <\/strong>\u2014 capable of combining civil and strategic applications \u2014 will be one of the central themes of a specific panel on defence and space applications in which <strong>Efr\u00e9n D\u00edaz D\u00edaz<\/strong>, <em>Head of the Space Area at the Mas y Calvet Law Firm<\/em>; <strong>Carlos Fern\u00e1ndez de la Pe\u00f1a<\/strong>, <em>CEO of Telespazio Ib\u00e9rica<\/em>; and <strong>Margarita Ardao<\/strong>, <em>Director General of Industrial Strategy and Business Land at the Regional Government of Galicia<\/em>.<\/p>\n<p>This panel will analyse how space technologies are evolving towards a model in which the same capabilities can be applied to both <strong>security and defence <\/strong>and to <strong>civil services<\/strong>, from Earth observation to emergency management and the protection of critical infrastructure.<\/p>\n<p>&nbsp;<\/p>\n<p><strong>An industrial ecosystem at the service of society<\/strong><\/p>\n<p>The development of all these applications is supported by an <strong>increasingly broad industrial ecosystem<\/strong>, involving companies and technology centres specialising in satellite communications, Earth observation, data analysis and technology certification.<\/p>\n<p>New Space &amp; Solutions will be attended by many of these organisations, which enable the development <strong>of solutions with a direct impact on society<\/strong>, from environmental monitoring and emergency management to the protection of critical infrastructure and support for security and defence operations.<\/p>\n<p><strong>Alter Technology<\/strong>, which specialises in the certification and qualification of space components, will be represented by <strong>Nieves Garc\u00eda Alcaide<\/strong>, <em>Microwave Engineer<\/em>, and <strong>David N\u00fa\u00f1ez<\/strong>, <em>Hi-Rel Semiconductors Division Director<\/em>. <strong>CATEC (Advanced Centre for Aerospace Technologies)<\/strong>, a European leader in UAV technologies and advanced aerospace systems, will be represented by <strong>Antidio Viguria<\/strong>, <em>Director of Avionics and Systems<\/em>. <strong>Open Cosmos<\/strong>, a company dedicated to the design and operation of satellites and the democratisation of access to space, will also be present.<\/p>\n<p><img loading=\"lazy\" decoding=\"async\" class=\"alignnone size-full wp-image-13922\" src=\"https:\/\/newspaceandsolutions.com\/web\/wp-content\/uploads\/2026\/03\/Atlet-Technology-NSS25.jpg\" alt=\"\" width=\"1024\" height=\"683\" srcset=\"https:\/\/newspaceandsolutions.com\/web\/wp-content\/uploads\/2026\/03\/Atlet-Technology-NSS25.jpg 1024w, https:\/\/newspaceandsolutions.com\/web\/wp-content\/uploads\/2026\/03\/Atlet-Technology-NSS25-300x200.jpg 300w, https:\/\/newspaceandsolutions.com\/web\/wp-content\/uploads\/2026\/03\/Atlet-Technology-NSS25-768x512.jpg 768w\" sizes=\"auto, (max-width: 1024px) 100vw, 1024px\" \/><\/p>\n<p><strong><em>Alter Technology exhibition area during the first edition of New Space &amp; Solutions held in March 2025.<\/em><\/strong><\/p>\n<p>&nbsp;<\/p>\n<p>Likewise, <strong>DEKRA Testing and Certification<\/strong>, which specialises in safety and cybersecurity certification for critical technology systems, will present the topic <em>\u2018Cybersecurity in Defence and Space and the importance of product safety certification\u2019 <\/em>on the second day of the event, with <strong>Antonio David Vizca\u00edno<\/strong>, <em>Cybersecurity Technical Sales<\/em>.<\/p>\n<p>The second edition of <strong>New Space &amp; Solutions <\/strong>thus aims to establish itself as a <strong>meeting place for science, industry and institutions <\/strong>at a time when the space sector is emerging as one of the strategic pillars for Europe&#8217;s technological, economic and security future.<\/p>\n<p>All the conferences at <strong>New Space &amp; Solutions <\/strong>will be available for viewing on demand via <a href=\"https:\/\/www.thenewtechobservatory.com\/inicio.aspx\" target=\"_blank\" rel=\"noopener\"><span style=\"color: #0000ff;\"><strong>The Observatory<\/strong><\/span><\/a>, Medina Media Events&#8217; digital platform, where each conference will be available 24 hours a day, 365 days a year, free of charge.<\/p>\n<p>The <strong>second edition of New Space &amp; Solutions <\/strong>is organised by Medina Media Events and supported by Seville City Council; the Regional Ministry of Universities, Research and Innovation of the Regional Government of Andalusia; the Regional Ministry of Sustainability and the Environment; the Regional Ministry of Industry, Energy and Mines, Canary Islands Aerospace Strategy (Government of the Canary Islands), Netmetrix, Sceye, Rohde &amp; Schwarz, PCB Piezotronics, Pablo de Olavide University, CATEC, Isdefe, UARX, HALO Space, Kistler, Eurecat, DEKRA, Open Cosmos, Solar MEMS, B2Space, Quside, Systratec, Keplerkoord, Augusta Abogados, Bufete Mas y Calvet, LORTEK, Flux, Metadev, NDK, Alfalite, University of Malaga, the Polytechnic University of Valencia and Amplify, among others.<\/p>\n","protected":false},"excerpt":{"rendered":"<p>Companies, public institutions, research centres and legal and technological organisations such as SETELECO, the European Commission, Bufete Mas y Calvet, the Regional Government of Galicia, the University of C\u00e1diz, Alter Technology, CATEC, Open Cosmos and DEKRA will analyse at New Space &amp; Solutions how New Space is generating solutions with a direct impact on society [&hellip;]<\/p>\n","protected":false},"author":3,"featured_media":13926,"comment_status":"closed","ping_status":"closed","sticky":false,"template":"","format":"standard","meta":{"_acf_changed":false,"inline_featured_image":false,"footnotes":""},"categories":[70],"tags":[],"class_list":["post-13925","post","type-post","status-publish","format-standard","has-post-thumbnail","hentry","category-evento-en"],"acf":[],"yoast_head":"<!-- This site is optimized with the Yoast SEO plugin v27.3 - https:\/\/yoast.com\/product\/yoast-seo-wordpress\/ -->\n<title>Space consolidates its position as a strategic infrastructure for security, sustainability and crisis management &#8212; New Space &amp; Solutions<\/title>\n<meta name=\"robots\" content=\"index, follow, max-snippet:-1, max-image-preview:large, max-video-preview:-1\" \/>\n<link rel=\"canonical\" href=\"https:\/\/newspaceandsolutions.com\/en\/space-consolidates-its-position-as-strategic-infrastructure-for-security-sustainability-and-crisis-management\/\" \/>\n<meta property=\"og:locale\" content=\"en_US\" \/>\n<meta property=\"og:type\" content=\"article\" \/>\n<meta property=\"og:title\" content=\"Space consolidates its position as a strategic infrastructure for security, sustainability and crisis management &#8212; New Space &amp; Solutions\" \/>\n<meta property=\"og:description\" content=\"Companies, public institutions, research centres and legal and technological organisations such as SETELECO, the European Commission, Bufete Mas y Calvet, the Regional Government of Galicia, the University of C\u00e1diz, Alter Technology, CATEC, Open Cosmos and DEKRA will analyse at New Space &amp; Solutions how New Space is generating solutions with a direct impact on society [&hellip;]\" \/>\n<meta property=\"og:url\" content=\"https:\/\/newspaceandsolutions.com\/en\/space-consolidates-its-position-as-strategic-infrastructure-for-security-sustainability-and-crisis-management\/\" \/>\n<meta property=\"og:site_name\" content=\"New Space &amp; Solutions\" \/>\n<meta property=\"article:published_time\" content=\"2026-03-12T11:37:03+00:00\" \/>\n<meta property=\"article:modified_time\" content=\"2026-03-12T11:39:48+00:00\" \/>\n<meta property=\"og:image\" content=\"https:\/\/newspaceandsolutions.com\/web\/wp-content\/uploads\/2026\/03\/NP-infraestructura-gestion-crisis.png\" \/>\n\t<meta property=\"og:image:width\" content=\"1820\" \/>\n\t<meta property=\"og:image:height\" content=\"1024\" \/>\n\t<meta property=\"og:image:type\" content=\"image\/png\" \/>\n<meta name=\"author\" content=\"Comunicaci\u00f3n MME\" \/>\n<meta name=\"twitter:card\" content=\"summary_large_image\" \/>\n<meta name=\"twitter:label1\" content=\"Written by\" \/>\n\t<meta name=\"twitter:data1\" content=\"Comunicaci\u00f3n MME\" \/>\n\t<meta name=\"twitter:label2\" content=\"Est. reading time\" \/>\n\t<meta name=\"twitter:data2\" content=\"7 minutes\" \/>\n<script type=\"application\/ld+json\" class=\"yoast-schema-graph\">{\"@context\":\"https:\\\/\\\/schema.org\",\"@graph\":[{\"@type\":\"Article\",\"@id\":\"https:\\\/\\\/newspaceandsolutions.com\\\/en\\\/space-consolidates-its-position-as-strategic-infrastructure-for-security-sustainability-and-crisis-management\\\/#article\",\"isPartOf\":{\"@id\":\"https:\\\/\\\/newspaceandsolutions.com\\\/en\\\/space-consolidates-its-position-as-strategic-infrastructure-for-security-sustainability-and-crisis-management\\\/\"},\"author\":{\"name\":\"Comunicaci\u00f3n MME\",\"@id\":\"https:\\\/\\\/newspaceandsolutions.com\\\/en\\\/#\\\/schema\\\/person\\\/6a16b3cb23e8f6cbd8c8660c381086f2\"},\"headline\":\"Space consolidates its position as a strategic infrastructure for security, sustainability and crisis management\",\"datePublished\":\"2026-03-12T11:37:03+00:00\",\"dateModified\":\"2026-03-12T11:39:48+00:00\",\"mainEntityOfPage\":{\"@id\":\"https:\\\/\\\/newspaceandsolutions.com\\\/en\\\/space-consolidates-its-position-as-strategic-infrastructure-for-security-sustainability-and-crisis-management\\\/\"},\"wordCount\":1267,\"publisher\":{\"@id\":\"https:\\\/\\\/newspaceandsolutions.com\\\/en\\\/#organization\"},\"image\":{\"@id\":\"https:\\\/\\\/newspaceandsolutions.com\\\/en\\\/space-consolidates-its-position-as-strategic-infrastructure-for-security-sustainability-and-crisis-management\\\/#primaryimage\"},\"thumbnailUrl\":\"https:\\\/\\\/newspaceandsolutions.com\\\/web\\\/wp-content\\\/uploads\\\/2026\\\/03\\\/NP-infraestructura-gestion-crisis.png\",\"articleSection\":[\"Evento\"],\"inLanguage\":\"en-US\"},{\"@type\":\"WebPage\",\"@id\":\"https:\\\/\\\/newspaceandsolutions.com\\\/en\\\/space-consolidates-its-position-as-strategic-infrastructure-for-security-sustainability-and-crisis-management\\\/\",\"url\":\"https:\\\/\\\/newspaceandsolutions.com\\\/en\\\/space-consolidates-its-position-as-strategic-infrastructure-for-security-sustainability-and-crisis-management\\\/\",\"name\":\"Space consolidates its position as a strategic infrastructure for security, sustainability and crisis management &#8212; New Space &amp; Solutions\",\"isPartOf\":{\"@id\":\"https:\\\/\\\/newspaceandsolutions.com\\\/en\\\/#website\"},\"primaryImageOfPage\":{\"@id\":\"https:\\\/\\\/newspaceandsolutions.com\\\/en\\\/space-consolidates-its-position-as-strategic-infrastructure-for-security-sustainability-and-crisis-management\\\/#primaryimage\"},\"image\":{\"@id\":\"https:\\\/\\\/newspaceandsolutions.com\\\/en\\\/space-consolidates-its-position-as-strategic-infrastructure-for-security-sustainability-and-crisis-management\\\/#primaryimage\"},\"thumbnailUrl\":\"https:\\\/\\\/newspaceandsolutions.com\\\/web\\\/wp-content\\\/uploads\\\/2026\\\/03\\\/NP-infraestructura-gestion-crisis.png\",\"datePublished\":\"2026-03-12T11:37:03+00:00\",\"dateModified\":\"2026-03-12T11:39:48+00:00\",\"breadcrumb\":{\"@id\":\"https:\\\/\\\/newspaceandsolutions.com\\\/en\\\/space-consolidates-its-position-as-strategic-infrastructure-for-security-sustainability-and-crisis-management\\\/#breadcrumb\"},\"inLanguage\":\"en-US\",\"potentialAction\":[{\"@type\":\"ReadAction\",\"target\":[\"https:\\\/\\\/newspaceandsolutions.com\\\/en\\\/space-consolidates-its-position-as-strategic-infrastructure-for-security-sustainability-and-crisis-management\\\/\"]}]},{\"@type\":\"ImageObject\",\"inLanguage\":\"en-US\",\"@id\":\"https:\\\/\\\/newspaceandsolutions.com\\\/en\\\/space-consolidates-its-position-as-strategic-infrastructure-for-security-sustainability-and-crisis-management\\\/#primaryimage\",\"url\":\"https:\\\/\\\/newspaceandsolutions.com\\\/web\\\/wp-content\\\/uploads\\\/2026\\\/03\\\/NP-infraestructura-gestion-crisis.png\",\"contentUrl\":\"https:\\\/\\\/newspaceandsolutions.com\\\/web\\\/wp-content\\\/uploads\\\/2026\\\/03\\\/NP-infraestructura-gestion-crisis.png\",\"width\":1820,\"height\":1024},{\"@type\":\"BreadcrumbList\",\"@id\":\"https:\\\/\\\/newspaceandsolutions.com\\\/en\\\/space-consolidates-its-position-as-strategic-infrastructure-for-security-sustainability-and-crisis-management\\\/#breadcrumb\",\"itemListElement\":[{\"@type\":\"ListItem\",\"position\":1,\"name\":\"Portada\",\"item\":\"https:\\\/\\\/newspaceandsolutions.com\\\/en\\\/\"},{\"@type\":\"ListItem\",\"position\":2,\"name\":\"Space consolidates its position as a strategic infrastructure for security, sustainability and crisis management\"}]},{\"@type\":\"WebSite\",\"@id\":\"https:\\\/\\\/newspaceandsolutions.com\\\/en\\\/#website\",\"url\":\"https:\\\/\\\/newspaceandsolutions.com\\\/en\\\/\",\"name\":\"New Space & Land\",\"description\":\"Donde te contamos lo que el New Space hace por nosotros\",\"publisher\":{\"@id\":\"https:\\\/\\\/newspaceandsolutions.com\\\/en\\\/#organization\"},\"potentialAction\":[{\"@type\":\"SearchAction\",\"target\":{\"@type\":\"EntryPoint\",\"urlTemplate\":\"https:\\\/\\\/newspaceandsolutions.com\\\/en\\\/?s={search_term_string}\"},\"query-input\":{\"@type\":\"PropertyValueSpecification\",\"valueRequired\":true,\"valueName\":\"search_term_string\"}}],\"inLanguage\":\"en-US\"},{\"@type\":\"Organization\",\"@id\":\"https:\\\/\\\/newspaceandsolutions.com\\\/en\\\/#organization\",\"name\":\"New Space & Land\",\"url\":\"https:\\\/\\\/newspaceandsolutions.com\\\/en\\\/\",\"logo\":{\"@type\":\"ImageObject\",\"inLanguage\":\"en-US\",\"@id\":\"https:\\\/\\\/newspaceandsolutions.com\\\/en\\\/#\\\/schema\\\/logo\\\/image\\\/\",\"url\":\"https:\\\/\\\/newspaceandsolutions.com\\\/web\\\/wp-content\\\/uploads\\\/2024\\\/06\\\/cropped-nsl_ico.png\",\"contentUrl\":\"https:\\\/\\\/newspaceandsolutions.com\\\/web\\\/wp-content\\\/uploads\\\/2024\\\/06\\\/cropped-nsl_ico.png\",\"width\":512,\"height\":512,\"caption\":\"New Space & Land\"},\"image\":{\"@id\":\"https:\\\/\\\/newspaceandsolutions.com\\\/en\\\/#\\\/schema\\\/logo\\\/image\\\/\"}},{\"@type\":\"Person\",\"@id\":\"https:\\\/\\\/newspaceandsolutions.com\\\/en\\\/#\\\/schema\\\/person\\\/6a16b3cb23e8f6cbd8c8660c381086f2\",\"name\":\"Comunicaci\u00f3n MME\"}]}<\/script>\n<!-- \/ Yoast SEO plugin. -->","yoast_head_json":{"title":"Space consolidates its position as a strategic infrastructure for security, sustainability and crisis management &#8212; New Space &amp; Solutions","robots":{"index":"index","follow":"follow","max-snippet":"max-snippet:-1","max-image-preview":"max-image-preview:large","max-video-preview":"max-video-preview:-1"},"canonical":"https:\/\/newspaceandsolutions.com\/en\/space-consolidates-its-position-as-strategic-infrastructure-for-security-sustainability-and-crisis-management\/","og_locale":"en_US","og_type":"article","og_title":"Space consolidates its position as a strategic infrastructure for security, sustainability and crisis management &#8212; New Space &amp; Solutions","og_description":"Companies, public institutions, research centres and legal and technological organisations such as SETELECO, the European Commission, Bufete Mas y Calvet, the Regional Government of Galicia, the University of C\u00e1diz, Alter Technology, CATEC, Open Cosmos and DEKRA will analyse at New Space &amp; Solutions how New Space is generating solutions with a direct impact on society [&hellip;]","og_url":"https:\/\/newspaceandsolutions.com\/en\/space-consolidates-its-position-as-strategic-infrastructure-for-security-sustainability-and-crisis-management\/","og_site_name":"New Space &amp; Solutions","article_published_time":"2026-03-12T11:37:03+00:00","article_modified_time":"2026-03-12T11:39:48+00:00","og_image":[{"width":1820,"height":1024,"url":"https:\/\/newspaceandsolutions.com\/web\/wp-content\/uploads\/2026\/03\/NP-infraestructura-gestion-crisis.png","type":"image\/png"}],"author":"Comunicaci\u00f3n MME","twitter_card":"summary_large_image","twitter_misc":{"Written by":"Comunicaci\u00f3n MME","Est. reading time":"7 minutes"},"schema":{"@context":"https:\/\/schema.org","@graph":[{"@type":"Article","@id":"https:\/\/newspaceandsolutions.com\/en\/space-consolidates-its-position-as-strategic-infrastructure-for-security-sustainability-and-crisis-management\/#article","isPartOf":{"@id":"https:\/\/newspaceandsolutions.com\/en\/space-consolidates-its-position-as-strategic-infrastructure-for-security-sustainability-and-crisis-management\/"},"author":{"name":"Comunicaci\u00f3n MME","@id":"https:\/\/newspaceandsolutions.com\/en\/#\/schema\/person\/6a16b3cb23e8f6cbd8c8660c381086f2"},"headline":"Space consolidates its position as a strategic infrastructure for security, sustainability and crisis management","datePublished":"2026-03-12T11:37:03+00:00","dateModified":"2026-03-12T11:39:48+00:00","mainEntityOfPage":{"@id":"https:\/\/newspaceandsolutions.com\/en\/space-consolidates-its-position-as-strategic-infrastructure-for-security-sustainability-and-crisis-management\/"},"wordCount":1267,"publisher":{"@id":"https:\/\/newspaceandsolutions.com\/en\/#organization"},"image":{"@id":"https:\/\/newspaceandsolutions.com\/en\/space-consolidates-its-position-as-strategic-infrastructure-for-security-sustainability-and-crisis-management\/#primaryimage"},"thumbnailUrl":"https:\/\/newspaceandsolutions.com\/web\/wp-content\/uploads\/2026\/03\/NP-infraestructura-gestion-crisis.png","articleSection":["Evento"],"inLanguage":"en-US"},{"@type":"WebPage","@id":"https:\/\/newspaceandsolutions.com\/en\/space-consolidates-its-position-as-strategic-infrastructure-for-security-sustainability-and-crisis-management\/","url":"https:\/\/newspaceandsolutions.com\/en\/space-consolidates-its-position-as-strategic-infrastructure-for-security-sustainability-and-crisis-management\/","name":"Space consolidates its position as a strategic infrastructure for security, sustainability and crisis management &#8212; New Space &amp; Solutions","isPartOf":{"@id":"https:\/\/newspaceandsolutions.com\/en\/#website"},"primaryImageOfPage":{"@id":"https:\/\/newspaceandsolutions.com\/en\/space-consolidates-its-position-as-strategic-infrastructure-for-security-sustainability-and-crisis-management\/#primaryimage"},"image":{"@id":"https:\/\/newspaceandsolutions.com\/en\/space-consolidates-its-position-as-strategic-infrastructure-for-security-sustainability-and-crisis-management\/#primaryimage"},"thumbnailUrl":"https:\/\/newspaceandsolutions.com\/web\/wp-content\/uploads\/2026\/03\/NP-infraestructura-gestion-crisis.png","datePublished":"2026-03-12T11:37:03+00:00","dateModified":"2026-03-12T11:39:48+00:00","breadcrumb":{"@id":"https:\/\/newspaceandsolutions.com\/en\/space-consolidates-its-position-as-strategic-infrastructure-for-security-sustainability-and-crisis-management\/#breadcrumb"},"inLanguage":"en-US","potentialAction":[{"@type":"ReadAction","target":["https:\/\/newspaceandsolutions.com\/en\/space-consolidates-its-position-as-strategic-infrastructure-for-security-sustainability-and-crisis-management\/"]}]},{"@type":"ImageObject","inLanguage":"en-US","@id":"https:\/\/newspaceandsolutions.com\/en\/space-consolidates-its-position-as-strategic-infrastructure-for-security-sustainability-and-crisis-management\/#primaryimage","url":"https:\/\/newspaceandsolutions.com\/web\/wp-content\/uploads\/2026\/03\/NP-infraestructura-gestion-crisis.png","contentUrl":"https:\/\/newspaceandsolutions.com\/web\/wp-content\/uploads\/2026\/03\/NP-infraestructura-gestion-crisis.png","width":1820,"height":1024},{"@type":"BreadcrumbList","@id":"https:\/\/newspaceandsolutions.com\/en\/space-consolidates-its-position-as-strategic-infrastructure-for-security-sustainability-and-crisis-management\/#breadcrumb","itemListElement":[{"@type":"ListItem","position":1,"name":"Portada","item":"https:\/\/newspaceandsolutions.com\/en\/"},{"@type":"ListItem","position":2,"name":"Space consolidates its position as a strategic infrastructure for security, sustainability and crisis management"}]},{"@type":"WebSite","@id":"https:\/\/newspaceandsolutions.com\/en\/#website","url":"https:\/\/newspaceandsolutions.com\/en\/","name":"New Space & Land","description":"Donde te contamos lo que el New Space hace por nosotros","publisher":{"@id":"https:\/\/newspaceandsolutions.com\/en\/#organization"},"potentialAction":[{"@type":"SearchAction","target":{"@type":"EntryPoint","urlTemplate":"https:\/\/newspaceandsolutions.com\/en\/?s={search_term_string}"},"query-input":{"@type":"PropertyValueSpecification","valueRequired":true,"valueName":"search_term_string"}}],"inLanguage":"en-US"},{"@type":"Organization","@id":"https:\/\/newspaceandsolutions.com\/en\/#organization","name":"New Space & Land","url":"https:\/\/newspaceandsolutions.com\/en\/","logo":{"@type":"ImageObject","inLanguage":"en-US","@id":"https:\/\/newspaceandsolutions.com\/en\/#\/schema\/logo\/image\/","url":"https:\/\/newspaceandsolutions.com\/web\/wp-content\/uploads\/2024\/06\/cropped-nsl_ico.png","contentUrl":"https:\/\/newspaceandsolutions.com\/web\/wp-content\/uploads\/2024\/06\/cropped-nsl_ico.png","width":512,"height":512,"caption":"New Space & Land"},"image":{"@id":"https:\/\/newspaceandsolutions.com\/en\/#\/schema\/logo\/image\/"}},{"@type":"Person","@id":"https:\/\/newspaceandsolutions.com\/en\/#\/schema\/person\/6a16b3cb23e8f6cbd8c8660c381086f2","name":"Comunicaci\u00f3n MME"}]}},"_links":{"self":[{"href":"https:\/\/newspaceandsolutions.com\/en\/wp-json\/wp\/v2\/posts\/13925","targetHints":{"allow":["GET"]}}],"collection":[{"href":"https:\/\/newspaceandsolutions.com\/en\/wp-json\/wp\/v2\/posts"}],"about":[{"href":"https:\/\/newspaceandsolutions.com\/en\/wp-json\/wp\/v2\/types\/post"}],"author":[{"embeddable":true,"href":"https:\/\/newspaceandsolutions.com\/en\/wp-json\/wp\/v2\/users\/3"}],"replies":[{"embeddable":true,"href":"https:\/\/newspaceandsolutions.com\/en\/wp-json\/wp\/v2\/comments?post=13925"}],"version-history":[{"count":3,"href":"https:\/\/newspaceandsolutions.com\/en\/wp-json\/wp\/v2\/posts\/13925\/revisions"}],"predecessor-version":[{"id":13932,"href":"https:\/\/newspaceandsolutions.com\/en\/wp-json\/wp\/v2\/posts\/13925\/revisions\/13932"}],"wp:featuredmedia":[{"embeddable":true,"href":"https:\/\/newspaceandsolutions.com\/en\/wp-json\/wp\/v2\/media\/13926"}],"wp:attachment":[{"href":"https:\/\/newspaceandsolutions.com\/en\/wp-json\/wp\/v2\/media?parent=13925"}],"wp:term":[{"taxonomy":"category","embeddable":true,"href":"https:\/\/newspaceandsolutions.com\/en\/wp-json\/wp\/v2\/categories?post=13925"},{"taxonomy":"post_tag","embeddable":true,"href":"https:\/\/newspaceandsolutions.com\/en\/wp-json\/wp\/v2\/tags?post=13925"}],"curies":[{"name":"wp","href":"https:\/\/api.w.org\/{rel}","templated":true}]}}